{"id":1432,"date":"2022-04-05T14:51:09","date_gmt":"2022-04-05T17:51:09","guid":{"rendered":"https:\/\/amdaf.org\/?p=1432"},"modified":"2022-04-07T16:34:42","modified_gmt":"2022-04-07T19:34:42","slug":"kuarup","status":"publish","type":"post","link":"https:\/\/amdaf.org\/en\/kuarup\/","title":{"rendered":"KUARUP"},"content":{"rendered":"<div data-elementor-type=\"wp-post\" data-elementor-id=\"1432\" class=\"elementor elementor-1432\">\n\t\t\t\t\t\t<section class=\"elementor-section elementor-top-section elementor-element elementor-element-4560e28f elementor-section-boxed elementor-section-height-default elementor-section-height-default\" data-id=\"4560e28f\" data-element_type=\"section\">\n\t\t\t\t\t\t<div class=\"elementor-container elementor-column-gap-default\">\n\t\t\t\t\t<div class=\"elementor-column elementor-col-100 elementor-top-column elementor-element elementor-element-7130332d\" data-id=\"7130332d\" data-element_type=\"column\">\n\t\t\t<div class=\"elementor-widget-wrap elementor-element-populated\">\n\t\t\t\t\t\t<div class=\"elementor-element elementor-element-2fe07ede elementor-widget elementor-widget-text-editor\" data-id=\"2fe07ede\" data-element_type=\"widget\" data-widget_type=\"text-editor.default\">\n\t\t\t\t<div class=\"elementor-widget-container\">\n\t\t\t\t\t\t\t\t\t\n<p>Chegada dos irm\u00e3os Villas Boas no Xingu, expedi\u00e7\u00e3o &#8211; Regi\u00e3o do Xingu era um dos grandes gaps da coloniza\u00e7\u00e3o brasileira, a regi\u00e3o tem ind\u00edcios de ter sido colonizada pelos ind\u00edgenas em torno do ano 500 Ac.&nbsp;<\/p>\n\n\n\n<p>A partir da chegada no alto Xingu, se depararam com o Quarup &#8211; celebra\u00e7\u00e3o ancestral de alguns povos do alto Xingu O Quarup era um ritual de celebra\u00e7\u00e3o, honra e respeito ao esp\u00edrito dos anci\u00f5es\/ personalidades importantes para tribo\/aldeia.&nbsp;<\/p>\n\n\n\n<p>Era um ritual de encontro de etnias (etnias irm\u00e3s e visitantes), ao final havia o uca-uca (luta\/ demonstra\u00e7\u00e3o de for\u00e7a dos guerreiros) \u201cPax xinguana\u201d &#8211; havia muita guerra na regi\u00e3o entre diferentes etnias &#8211; mas o evento era um dos grandes pacificadores da regi\u00e3o (devido a sua caracter\u00edstica de troca). Passaram portanto a estimular com que cada vez mais etnias participem.<\/p>\n\n\n\n<p><strong>ORIGEM DA TRADI\u00c7\u00c3O<\/strong><\/p>\n\n\n\n<p>Baseado na lenda do primeiro xinguano &#8211; maivutsinim Lenda Quarup: Maivutsinim queria ressuscitar mortos queridos, pegou 4 troncos de uma \u00e1rvore sagrada e dan\u00e7ou para que os troncos ressuscitassem, os peixes sa\u00edram da \u00e1gua e as on\u00e7as brigaram com eles (analogia do uca uca). A natureza se alegrou. Para que a ressurrei\u00e7\u00e3o acontecesse precisava da abstin\u00eancia sexual, o que n\u00e3o ocorreu ent\u00e3o acabou se tornando um ritual para elevar os esp\u00edritos.&nbsp;<\/p>\n\n\n\n<p><strong>O KUARUP<\/strong><\/p>\n\n\n\n<p>O ritual todo dura de 3 a 4 dias, come\u00e7ando na quinta e terminando no domingo.<\/p>\n\n\n\n<ul class=\"wp-block-list\"><li>Pr\u00e9 Kuarup: Quando a pessoa morre, seu esp\u00edrito fica vagando na Terra. Acreditam que a separa\u00e7\u00e3o dos familiares\/tribo com aquele esp\u00edrito n\u00e3o pode ser feita de forma abrupta, necessita de um tempo para essa separa\u00e7\u00e3o (1 ano) &#8211; processo de luto. O ritual come\u00e7a ap\u00f3s o falecimento, a parte documentada do Quarup \u00e9 o final. Os mortos s\u00e3o enterrados no centro da aldeia (territ\u00f3rio central = territ\u00f3rio sagrado) Etnia anfitri\u00e3 chama uma ou duas tribos para serem co-anfitri\u00f5es e ajudarem na prepara\u00e7\u00e3o, estas convidam outras para celebra\u00e7\u00e3o. Ao longo do ano da celebra\u00e7\u00e3o acontece ca\u00e7a, pesca (timb\u00f3), at\u00e9 o momento do ritual em si.&nbsp;<\/li><\/ul>\n\n\n\n<ul class=\"wp-block-list\"><li>Quinta\/Sexta: Recep\u00e7\u00e3o dos guerreiros que v\u00e3o ajudar. Ao longo desses dias h\u00e1 um processo intenso com cantadores (cantam para evocar esp\u00edritos). os guerreiros se vestem como guerreiros ( cores principais vermelho-urucum e preto-genipa). Os guerreiros passam a tarde cantando e as mulheres e crian\u00e7as acompanham. A fam\u00edlia do homenageado est\u00e1 de luto durante todo o ano. Duas figuras cantam o aru\u00e1 (flauta m\u00e1gica) &#8211; uma forma de afastar os esp\u00edritos ruins, dois guerreiros tocam o aru\u00e1&nbsp;<\/li><\/ul>\n\n\n\n<ul class=\"wp-block-list\"><li>S\u00e1bado de manh\u00e3 &#8211; dia do ritual, no momento dos preparativos, guerreiros buscam na mata os troncos do quarup. A confec\u00e7\u00e3o \u00e9 feita fora do c\u00edrculo da aldeia, entoando as can\u00e7\u00f5es, esculpindo desenhos xinguanos na madeira, usando as melhores vestimentas (colar de caramujo, cocar de arara, e a pena do gavi\u00e3o real que simboliza o guerreiro), ap\u00f3s, colocam o tronco no centro da aldeia, os cantadores continuam evocando &#8211; os esp\u00edritos que at\u00e9 ent\u00e3o estavam rondando encarnam no tronco. Nesse momento, os familiares s\u00e3o convidados para o centro da aldeia (mulheres inclu\u00eddas), o reencontro dos familiares com o esp\u00edrito \u00e9 muito emocionante. Cada familiar \u00e9 lavado com a \u00e1gua do rio na frente de cada tronco (lavar o luto simbolicamente), cabelos s\u00e3o cortados, s\u00e3o vestidos e maquiados junto de seu familiar. No crep\u00fasculo come\u00e7a a fase final (mais intensa), os cantadores intensificam as can\u00e7\u00f5es, as tribos convidadas chegam, acende-se um fogo sagrado na frente de cada tronco (por meio desse fogo o esp\u00edrito se eleva) &#8211; as etnias convidadas anunciam sua chegada e cada um deles pega uma chama do fogo sagrado.&nbsp;<\/li><\/ul>\n\n\n\n<ul class=\"wp-block-list\"><li>S\u00e1bado a noite: A noite \u00e9 muito intensa, paj\u00e9s, guerreiros n\u00e3o dormem para se proteger de esp\u00edritos ruins. Ao longo da noite cada fam\u00edlia passa junto com seu tronco, chorando muito, enquanto os cantadores entoam a can\u00e7\u00e3o (cada etnia tem sua dupla e canta na sua l\u00edngua). Guerreiros (todas as tribos) passam a noite vigiando A partir do amanhecer os esp\u00edritos passam a ser elevados pelo fogo. O fogo \u00e9 apagado, o paj\u00e9 fala com cada um da fam\u00edlia para consolo. Finalmente o ritual cessa, um pouco antes da alvorada h\u00e1 sil\u00eancio absoluto, todos entram em suas ocas.&nbsp;<\/li><\/ul>\n\n\n\n<ul class=\"wp-block-list\"><li>Domingo de manh\u00e3: acontece o uca uca, os troncos continuam ao longo do dia. Os principais guerreiros de cada tribo participam. \u00c9 uma luta respeitosa (luta da on\u00e7a). 11 horas da manh\u00e3 acaba o ritual.&nbsp;<\/li><\/ul>\n\n\n\n<p><strong>CURIOSIDADES<\/strong><\/p>\n\n\n\n<ul class=\"wp-block-list\"><li>O mapa do Xingu \u00e9 ao contr\u00e1rio do convencional. O Alto Xingu fica no sul, na nascente do rio, o m\u00e9dio Xingu no meio e o baixo Xingu no norte.&nbsp;<\/li><\/ul>\n\n\n\n<ul class=\"wp-block-list\"><li>Regi\u00e3o altamente rica em diversidade \u00e9tnica 24 etnias &#8211; maior complexo multilingu\u00edstico das Am\u00e9ricas&nbsp;&nbsp;<\/li><li>11 l\u00ednguas de 3 troncos lingu\u00edsticos, tupi, waki e caribe (existem outros troncos fora do Xingu)<\/li><li>Quarup significa tronco ao sol<\/li><li>Na tradi\u00e7\u00e3o oral, a morte de um anci\u00e3o \u00e9 a morte da hist\u00f3ria da aldeia<\/li><li>Ao longo dos dias, 2 ind\u00edgenas ficam tocando aru\u00e1 (flauta m\u00e1gica) para afastar os esp\u00edritos ruins. Ficam indo e voltando com uma mulher do lado e pedindo permiss\u00e3o para os esp\u00edritos.<\/li><li>Restam 7 falantes do yawalapiti<\/li><\/ul>\n\n\n\n<p><strong>ARITANA&nbsp;<\/strong><\/p>\n\n\n\n<p><strong><\/strong>Quando os Villas Boas chegaram ao Xingu os Yawalapiti tinham sido quase dizimados por doen\u00e7as e guerras. S\u00f3 haviam sobrado 7 pessoas da etnia. Ent\u00e3o incentivaram a jun\u00e7\u00e3o de pessoas de tribos diferentes, no caso do Aritana, uma m\u00e3e kamayur\u00e1 e seu pai Yawalapiti. Por conta disso, ele se tornou uma figura marcante no Xingu. Chegou a morar em SP com o Orlando e teve at\u00e9 uma novela na tv tupi com seu nome.<\/p>\n\n\n\n<p>Era considerado o cacique dos caciques e nunca perdeu uma luta de uka uka.&nbsp;<\/p>\n\n\n\n<p>Tapi \u00e9 filho do Aritana.<\/p>\n\t\t\t\t\t\t\t\t<\/div>\n\t\t\t\t<\/div>\n\t\t\t\t\t<\/div>\n\t\t<\/div>\n\t\t\t\t\t<\/div>\n\t\t<\/section>\n\t\t\t\t<section class=\"elementor-section elementor-top-section elementor-element elementor-element-bf63817 elementor-section-boxed elementor-section-height-default elementor-section-height-default\" data-id=\"bf63817\" data-element_type=\"section\">\n\t\t\t\t\t\t<div class=\"elementor-container elementor-column-gap-default\">\n\t\t\t\t\t<div class=\"elementor-column elementor-col-100 elementor-top-column elementor-element elementor-element-cc135ba\" data-id=\"cc135ba\" data-element_type=\"column\">\n\t\t\t<div class=\"elementor-widget-wrap elementor-element-populated\">\n\t\t\t\t\t\t<div class=\"elementor-element elementor-element-c451f7c elementor-widget elementor-widget-elementskit-social-media\" data-id=\"c451f7c\" data-element_type=\"widget\" data-widget_type=\"elementskit-social-media.default\">\n\t\t\t\t<div class=\"elementor-widget-container\">\n\t\t\t\t\t<div class=\"ekit-wid-con\" >\t\t\t <ul class=\"ekit_social_media\">\n\t\t\t\t\t\t\t\t\t\t\t\t\t\t<li class=\"elementor-repeater-item-dac053e\">\n\t\t\t\t\t    <a\n\t\t\t\t\t\thref=\"https:\/\/www.facebook.com\/associacaomedicosdafloresta\" aria-label=\"Facebook\" class=\"1\" >\n\t\t\t\t\t\t\t\n\t\t\t\t\t\t\t<i aria-hidden=\"true\" class=\"icon icon-facebook-1\"><\/i>\n                                                                                                            <\/a>\n                    <\/li>\n                    \t\t\t\t\t\t\t\t\t\t\t\t\t\t<li class=\"elementor-repeater-item-ad00d2d\">\n\t\t\t\t\t    <a\n\t\t\t\t\t\thref=\"https:\/\/twitter.com\/MedFloresta\" aria-label=\"Twitter\" class=\"1\" >\n\t\t\t\t\t\t\t\n\t\t\t\t\t\t\t<i aria-hidden=\"true\" class=\"icon icon-twitter-1\"><\/i>\n                                                                                                            <\/a>\n                    <\/li>\n                    \t\t\t\t\t\t\t\t\t\t\t\t\t\t<li class=\"elementor-repeater-item-135754c\">\n\t\t\t\t\t    <a\n\t\t\t\t\t\thref=\"https:\/\/www.instagram.com\/medicosdafloresta\" aria-label=\"Instagram\" class=\"1\" >\n\t\t\t\t\t\t\t\n\t\t\t\t\t\t\t<i aria-hidden=\"true\" class=\"icon icon-instagram-1\"><\/i>\n                                                                                                            <\/a>\n                    <\/li>\n                    \t\t\t\t\t\t\t<\/ul>\n\t\t<\/div>\t\t\t\t<\/div>\n\t\t\t\t<\/div>\n\t\t\t\t\t<\/div>\n\t\t<\/div>\n\t\t\t\t\t<\/div>\n\t\t<\/section>\n\t\t\t\t<\/div>","protected":false},"excerpt":{"rendered":"<p>Chegada dos irm\u00e3os Villas Boas no Xingu, expedi\u00e7\u00e3o &#8211; Regi\u00e3o do Xingu era um dos grandes gaps da coloniza\u00e7\u00e3o brasileira, a regi\u00e3o tem ind\u00edcios de ter sido colonizada pelos ind\u00edgenas em torno do ano 500 Ac.&nbsp; A partir da chegada no alto Xingu, se depararam com o Quarup &#8211; celebra\u00e7\u00e3o ancestral de alguns povos do&hellip;&nbsp;<a href=\"https:\/\/amdaf.org\/en\/kuarup\/\" class=\"\" rel=\"bookmark\">Read More &raquo;<span class=\"screen-reader-text\">KUARUP<\/span><\/a><\/p>","protected":false},"author":1,"featured_media":874,"comment_status":"open","ping_status":"open","sticky":false,"template":"","format":"standard","meta":{"neve_meta_sidebar":"","neve_meta_container":"","neve_meta_enable_content_width":"","neve_meta_content_width":0,"neve_meta_title_alignment":"","neve_meta_author_avatar":"","neve_post_elements_order":"","neve_meta_disable_header":"","neve_meta_disable_footer":"","neve_meta_disable_title":"","footnotes":""},"categories":[1],"tags":[],"class_list":["post-1432","post","type-post","status-publish","format-standard","has-post-thumbnail","hentry","category-sem-categoria"],"_links":{"self":[{"href":"https:\/\/amdaf.org\/en\/wp-json\/wp\/v2\/posts\/1432","targetHints":{"allow":["GET"]}}],"collection":[{"href":"https:\/\/amdaf.org\/en\/wp-json\/wp\/v2\/posts"}],"about":[{"href":"https:\/\/amdaf.org\/en\/wp-json\/wp\/v2\/types\/post"}],"author":[{"embeddable":true,"href":"https:\/\/amdaf.org\/en\/wp-json\/wp\/v2\/users\/1"}],"replies":[{"embeddable":true,"href":"https:\/\/amdaf.org\/en\/wp-json\/wp\/v2\/comments?post=1432"}],"version-history":[{"count":4,"href":"https:\/\/amdaf.org\/en\/wp-json\/wp\/v2\/posts\/1432\/revisions"}],"predecessor-version":[{"id":1475,"href":"https:\/\/amdaf.org\/en\/wp-json\/wp\/v2\/posts\/1432\/revisions\/1475"}],"wp:featuredmedia":[{"embeddable":true,"href":"https:\/\/amdaf.org\/en\/wp-json\/wp\/v2\/media\/874"}],"wp:attachment":[{"href":"https:\/\/amdaf.org\/en\/wp-json\/wp\/v2\/media?parent=1432"}],"wp:term":[{"taxonomy":"category","embeddable":true,"href":"https:\/\/amdaf.org\/en\/wp-json\/wp\/v2\/categories?post=1432"},{"taxonomy":"post_tag","embeddable":true,"href":"https:\/\/amdaf.org\/en\/wp-json\/wp\/v2\/tags?post=1432"}],"curies":[{"name":"wp","href":"https:\/\/api.w.org\/{rel}","templated":true}]}}