{"id":1434,"date":"2022-04-05T14:53:02","date_gmt":"2022-04-05T17:53:02","guid":{"rendered":"https:\/\/amdaf.org\/?p=1434"},"modified":"2022-04-07T16:34:03","modified_gmt":"2022-04-07T19:34:03","slug":"como-ajudar","status":"publish","type":"post","link":"https:\/\/amdaf.org\/en\/como-ajudar\/","title":{"rendered":"Como ajudar?"},"content":{"rendered":"<div data-elementor-type=\"wp-post\" data-elementor-id=\"1434\" class=\"elementor elementor-1434\">\n\t\t\t\t\t\t<section class=\"elementor-section elementor-top-section elementor-element elementor-element-15c5b5e2 elementor-section-boxed elementor-section-height-default elementor-section-height-default\" data-id=\"15c5b5e2\" data-element_type=\"section\">\n\t\t\t\t\t\t<div class=\"elementor-container elementor-column-gap-default\">\n\t\t\t\t\t<div class=\"elementor-column elementor-col-100 elementor-top-column elementor-element elementor-element-3acf0e68\" data-id=\"3acf0e68\" data-element_type=\"column\">\n\t\t\t<div class=\"elementor-widget-wrap elementor-element-populated\">\n\t\t\t\t\t\t<div class=\"elementor-element elementor-element-2e262c55 elementor-widget elementor-widget-text-editor\" data-id=\"2e262c55\" data-element_type=\"widget\" data-widget_type=\"text-editor.default\">\n\t\t\t\t<div class=\"elementor-widget-container\">\n\t\t\t\t\t\t\t\t\t\n<p>Precisamos de sua ajuda!&nbsp;<\/p>\n\n\n\n<p>Ol\u00e1, amigos da floresta, esperamos que estejam bem!&nbsp;<\/p>\n\n\n\n<p>Infelizmente, o coronav\u00edrus continua muito ativo em nosso pa\u00eds: j\u00e1 somamos <strong>mais de 500 mil vidas perdidas<\/strong>. Mesmo com o avan\u00e7o da vacina\u00e7\u00e3o, n\u00e3o podemos deixar de nos cuidar utilizando m\u00e1scaras, lavando as m\u00e3os constantemente e respeitando o distanciamento social.<\/p>\n\n\n\n<p>Sabemos tamb\u00e9m que os ind\u00edgenas foram muito atingidos pela pandemia, j\u00e1 que as comunidades s\u00e3o muito pr\u00f3ximas aumentando o risco de contamina\u00e7\u00e3o, al\u00e9m de terem sido expostos \u00e0 pessoas de fora de suas comunidades.<\/p>\n\n\n\n<p>Por isso, em 2020 os M\u00e9dicos da Floresta realizaram uma arrecada\u00e7\u00e3o de EPIs, m\u00e1scaras e outros materiais necess\u00e1rios, destinados aos hospitais e comunidades ind\u00edgenas em Roraima. A a\u00e7\u00e3o contou com o apoio da Coca-Cola Foundation. Com isso, conseguimos comprar 35 mil m\u00e1scaras, produzidas localmente, por costureiras no sul de Minas Gerais, gerando tamb\u00e9m renda para a comunidade local.<\/p>\n\n\n\n<p>Em breve repetiremos a a\u00e7\u00e3o e dessa vez <strong>voc\u00ea poder\u00e1 nos ajudar!<\/strong>&nbsp;<\/p>\n\n\n\n<p>Logo voltaremos com atualiza\u00e7\u00f5es, mas n\u00e3o deixe de nos acompanhar nas redes sociais. Clique abaixo se voc\u00ea quer receber mais informa\u00e7\u00f5es desta campanha.<\/p>\n\n\n\n<p>[bot\u00e3o saiba mais: opt in mandar pessoas para uma nova lista, para mandarmos mais informa\u00e7\u00f5es segmentadas]<\/p>\n\n\n\n<p>Al\u00e9m disso, estamos esperando a diminui\u00e7\u00e3o das infec\u00e7\u00f5es por COVID-19 para retomar nossas a\u00e7\u00f5es. N\u00e3o podemos arriscar a contamina\u00e7\u00e3o dentro das aldeias. nossas expedi\u00e7\u00f5es demandam uma grande organiza\u00e7\u00e3o log\u00edstica e altos custos, portanto, continuamos nos preparando para voltar ao trabalho.&nbsp;<\/p>\n\n\n\n<p>Por hoje \u00e9 s\u00f3. Voltaremos no pr\u00f3ximo m\u00eas com mais not\u00edcias. Por enquanto, cuide-se!<\/p>\n\t\t\t\t\t\t\t\t<\/div>\n\t\t\t\t<\/div>\n\t\t\t\t\t<\/div>\n\t\t<\/div>\n\t\t\t\t\t<\/div>\n\t\t<\/section>\n\t\t\t\t<section class=\"elementor-section elementor-top-section elementor-element elementor-element-c0b0750 elementor-section-boxed elementor-section-height-default elementor-section-height-default\" data-id=\"c0b0750\" data-element_type=\"section\">\n\t\t\t\t\t\t<div class=\"elementor-container elementor-column-gap-default\">\n\t\t\t\t\t<div class=\"elementor-column elementor-col-100 elementor-top-column elementor-element elementor-element-8db4c3d\" data-id=\"8db4c3d\" data-element_type=\"column\">\n\t\t\t<div class=\"elementor-widget-wrap elementor-element-populated\">\n\t\t\t\t\t\t<div class=\"elementor-element elementor-element-9bb2e8d elementor-widget elementor-widget-elementskit-social-media\" data-id=\"9bb2e8d\" data-element_type=\"widget\" data-widget_type=\"elementskit-social-media.default\">\n\t\t\t\t<div class=\"elementor-widget-container\">\n\t\t\t\t\t<div class=\"ekit-wid-con\" >\t\t\t <ul class=\"ekit_social_media\">\n\t\t\t\t\t\t\t\t\t\t\t\t\t\t<li class=\"elementor-repeater-item-dac053e\">\n\t\t\t\t\t    <a\n\t\t\t\t\t\thref=\"https:\/\/www.facebook.com\/associacaomedicosdafloresta\" aria-label=\"Facebook\" class=\"1\" >\n\t\t\t\t\t\t\t\n\t\t\t\t\t\t\t<i aria-hidden=\"true\" class=\"icon icon-facebook-1\"><\/i>\n                                                                                                            <\/a>\n                    <\/li>\n                    \t\t\t\t\t\t\t\t\t\t\t\t\t\t<li class=\"elementor-repeater-item-ad00d2d\">\n\t\t\t\t\t    <a\n\t\t\t\t\t\thref=\"https:\/\/twitter.com\/MedFloresta\" aria-label=\"Twitter\" class=\"1\" >\n\t\t\t\t\t\t\t\n\t\t\t\t\t\t\t<i aria-hidden=\"true\" class=\"icon icon-twitter-1\"><\/i>\n                                                                                                            <\/a>\n                    <\/li>\n                    \t\t\t\t\t\t\t\t\t\t\t\t\t\t<li class=\"elementor-repeater-item-135754c\">\n\t\t\t\t\t    <a\n\t\t\t\t\t\thref=\"https:\/\/www.instagram.com\/medicosdafloresta\" aria-label=\"Instagram\" class=\"1\" >\n\t\t\t\t\t\t\t\n\t\t\t\t\t\t\t<i aria-hidden=\"true\" class=\"icon icon-instagram-1\"><\/i>\n                                                                                                            <\/a>\n                    <\/li>\n                    \t\t\t\t\t\t\t<\/ul>\n\t\t<\/div>\t\t\t\t<\/div>\n\t\t\t\t<\/div>\n\t\t\t\t\t<\/div>\n\t\t<\/div>\n\t\t\t\t\t<\/div>\n\t\t<\/section>\n\t\t\t\t<\/div>","protected":false},"excerpt":{"rendered":"<p>Precisamos de sua ajuda!&nbsp; Ol\u00e1, amigos da floresta, esperamos que estejam bem!&nbsp; Infelizmente, o coronav\u00edrus continua muito ativo em nosso pa\u00eds: j\u00e1 somamos mais de 500 mil vidas perdidas. Mesmo com o avan\u00e7o da vacina\u00e7\u00e3o, n\u00e3o podemos deixar de nos cuidar utilizando m\u00e1scaras, lavando as m\u00e3os constantemente e respeitando o distanciamento social. Sabemos tamb\u00e9m que&hellip;&nbsp;<a href=\"https:\/\/amdaf.org\/en\/como-ajudar\/\" class=\"\" rel=\"bookmark\">Read More &raquo;<span class=\"screen-reader-text\">Como ajudar?<\/span><\/a><\/p>","protected":false},"author":1,"featured_media":1260,"comment_status":"open","ping_status":"open","sticky":false,"template":"","format":"standard","meta":{"neve_meta_sidebar":"","neve_meta_container":"","neve_meta_enable_content_width":"","neve_meta_content_width":0,"neve_meta_title_alignment":"","neve_meta_author_avatar":"","neve_post_elements_order":"","neve_meta_disable_header":"","neve_meta_disable_footer":"","neve_meta_disable_title":"","footnotes":""},"categories":[1],"tags":[],"class_list":["post-1434","post","type-post","status-publish","format-standard","has-post-thumbnail","hentry","category-sem-categoria"],"_links":{"self":[{"href":"https:\/\/amdaf.org\/en\/wp-json\/wp\/v2\/posts\/1434","targetHints":{"allow":["GET"]}}],"collection":[{"href":"https:\/\/amdaf.org\/en\/wp-json\/wp\/v2\/posts"}],"about":[{"href":"https:\/\/amdaf.org\/en\/wp-json\/wp\/v2\/types\/post"}],"author":[{"embeddable":true,"href":"https:\/\/amdaf.org\/en\/wp-json\/wp\/v2\/users\/1"}],"replies":[{"embeddable":true,"href":"https:\/\/amdaf.org\/en\/wp-json\/wp\/v2\/comments?post=1434"}],"version-history":[{"count":4,"href":"https:\/\/amdaf.org\/en\/wp-json\/wp\/v2\/posts\/1434\/revisions"}],"predecessor-version":[{"id":1472,"href":"https:\/\/amdaf.org\/en\/wp-json\/wp\/v2\/posts\/1434\/revisions\/1472"}],"wp:featuredmedia":[{"embeddable":true,"href":"https:\/\/amdaf.org\/en\/wp-json\/wp\/v2\/media\/1260"}],"wp:attachment":[{"href":"https:\/\/amdaf.org\/en\/wp-json\/wp\/v2\/media?parent=1434"}],"wp:term":[{"taxonomy":"category","embeddable":true,"href":"https:\/\/amdaf.org\/en\/wp-json\/wp\/v2\/categories?post=1434"},{"taxonomy":"post_tag","embeddable":true,"href":"https:\/\/amdaf.org\/en\/wp-json\/wp\/v2\/tags?post=1434"}],"curies":[{"name":"wp","href":"https:\/\/api.w.org\/{rel}","templated":true}]}}