{"id":1447,"date":"2022-04-05T15:08:52","date_gmt":"2022-04-05T18:08:52","guid":{"rendered":"https:\/\/amdaf.org\/?p=1447"},"modified":"2022-04-07T16:33:20","modified_gmt":"2022-04-07T19:33:20","slug":"queremos-saber","status":"publish","type":"post","link":"https:\/\/amdaf.org\/en\/queremos-saber\/","title":{"rendered":"Queremos saber"},"content":{"rendered":"<div data-elementor-type=\"wp-post\" data-elementor-id=\"1447\" class=\"elementor elementor-1447\">\n\t\t\t\t\t\t<section class=\"elementor-section elementor-top-section elementor-element elementor-element-6d598bf4 elementor-section-boxed elementor-section-height-default elementor-section-height-default\" data-id=\"6d598bf4\" data-element_type=\"section\">\n\t\t\t\t\t\t<div class=\"elementor-container elementor-column-gap-default\">\n\t\t\t\t\t<div class=\"elementor-column elementor-col-100 elementor-top-column elementor-element elementor-element-1ad68395\" data-id=\"1ad68395\" data-element_type=\"column\">\n\t\t\t<div class=\"elementor-widget-wrap elementor-element-populated\">\n\t\t\t\t\t\t<div class=\"elementor-element elementor-element-66d9ad3f elementor-widget elementor-widget-text-editor\" data-id=\"66d9ad3f\" data-element_type=\"widget\" data-widget_type=\"text-editor.default\">\n\t\t\t\t<div class=\"elementor-widget-container\">\n\t\t\t\t\t\t\t\t\t\n<p><strong>Voc\u00ea j\u00e1 pensou na rela\u00e7\u00e3o entre os povos ind\u00edgenas e a preserva\u00e7\u00e3o da natureza?&nbsp;<\/strong><\/p>\n\n\n\n<p>Ol\u00e1 amigos da floresta, tudo bem?<\/p>\n\n\n\n<p>Nesse m\u00eas, gostar\u00edamos de propor uma reflex\u00e3o sobre como os povos ind\u00edgenas t\u00eam um papel essencial na preserva\u00e7\u00e3o da natureza. Para isso seguem alguns dados bem interessantes sobre o tema:<\/p>\n\n\n\n<p>Nos \u00faltimos anos, a floresta Amaz\u00f4nica tem sofrido constantemente com o desmatamento. Entretanto, em terras ind\u00edgenas os n\u00fameros s\u00e3o expressivamente mais baixos: Nos \u00faltimos 40 anos, apenas 2% das terras situadas na Amaz\u00f4nia Legal foram desmatadas.<\/p>\n\n\n\n<p>Do norte ao sul do pa\u00eds \u00e9 poss\u00edvel encontrar sinais dessa preserva\u00e7\u00e3o. Na Bahia, os Patax\u00f3s da terra ind\u00edgena Barra Velha cuidam de uma \u00e1rea remanescente da Mata Atl\u00e2ntica. J\u00e1 no sul, a terra ind\u00edgena Mangueirinha abriga&nbsp; uma das \u00faltimas florestas de arauc\u00e1ria nativas do mundo.<\/p>\n\n\n\n<p>E o impacto n\u00e3o se restringe ao Brasil.&nbsp;<\/p>\n\n\n\n<p>80% da biodiversidade do planeta est\u00e1 presente em terras ind\u00edgenas. S\u00e3o diversas esp\u00e9cies de plantas e animais que vivem nesses ambientes e t\u00eam sua exist\u00eancia protegida.<\/p>\n\n\n\n<p>Tudo isso &#8211; e muitos mais &#8211; s\u00f3 \u00e9 poss\u00edvel gra\u00e7as \u00e0 cultura e consci\u00eancia planet\u00e1ria dos povos da floresta, que apesar de serem diversas e variarem de acordo com cada regi\u00e3o, preservam um fator em comum: o respeito e a conviv\u00eancia sustent\u00e1vel com o meio ambiente.&nbsp;<\/p>\n\n\n\n<p>Os efeitos do cuidado com a floresta n\u00e3o se restringem ao seu entorno, eles se fazem notar em toda a sociedade. Mas esse j\u00e1 \u00e9 assunto para a pr\u00f3xima newsletter.&nbsp;<\/p>\n\n\n\n<p>At\u00e9 l\u00e1, voc\u00ea pode ajudar o nosso trabalho de levar sa\u00fade especializada \u00e0s aldeias de dif\u00edcil acesso. \u00c9 s\u00f3 clicar no link abaixo.<\/p>\n\t\t\t\t\t\t\t\t<\/div>\n\t\t\t\t<\/div>\n\t\t\t\t\t<\/div>\n\t\t<\/div>\n\t\t\t\t\t<\/div>\n\t\t<\/section>\n\t\t\t\t<section class=\"elementor-section elementor-top-section elementor-element elementor-element-baff328 elementor-section-boxed elementor-section-height-default elementor-section-height-default\" data-id=\"baff328\" data-element_type=\"section\">\n\t\t\t\t\t\t<div class=\"elementor-container elementor-column-gap-default\">\n\t\t\t\t\t<div class=\"elementor-column elementor-col-100 elementor-top-column elementor-element elementor-element-9aabd3a\" data-id=\"9aabd3a\" data-element_type=\"column\">\n\t\t\t<div class=\"elementor-widget-wrap elementor-element-populated\">\n\t\t\t\t\t\t<div class=\"elementor-element elementor-element-9a635a0 elementor-widget elementor-widget-elementskit-social-media\" data-id=\"9a635a0\" data-element_type=\"widget\" data-widget_type=\"elementskit-social-media.default\">\n\t\t\t\t<div class=\"elementor-widget-container\">\n\t\t\t\t\t<div class=\"ekit-wid-con\" >\t\t\t <ul class=\"ekit_social_media\">\n\t\t\t\t\t\t\t\t\t\t\t\t\t\t<li class=\"elementor-repeater-item-dac053e\">\n\t\t\t\t\t    <a\n\t\t\t\t\t\thref=\"https:\/\/www.facebook.com\/associacaomedicosdafloresta\" aria-label=\"Facebook\" class=\"1\" >\n\t\t\t\t\t\t\t\n\t\t\t\t\t\t\t<i aria-hidden=\"true\" class=\"icon icon-facebook-1\"><\/i>\n                                                                                                            <\/a>\n                    <\/li>\n                    \t\t\t\t\t\t\t\t\t\t\t\t\t\t<li class=\"elementor-repeater-item-ad00d2d\">\n\t\t\t\t\t    <a\n\t\t\t\t\t\thref=\"https:\/\/twitter.com\/MedFloresta\" aria-label=\"Twitter\" class=\"1\" >\n\t\t\t\t\t\t\t\n\t\t\t\t\t\t\t<i aria-hidden=\"true\" class=\"icon icon-twitter-1\"><\/i>\n                                                                                                            <\/a>\n                    <\/li>\n                    \t\t\t\t\t\t\t\t\t\t\t\t\t\t<li class=\"elementor-repeater-item-135754c\">\n\t\t\t\t\t    <a\n\t\t\t\t\t\thref=\"https:\/\/www.instagram.com\/medicosdafloresta\" aria-label=\"Instagram\" class=\"1\" >\n\t\t\t\t\t\t\t\n\t\t\t\t\t\t\t<i aria-hidden=\"true\" class=\"icon icon-instagram-1\"><\/i>\n                                                                                                            <\/a>\n                    <\/li>\n                    \t\t\t\t\t\t\t<\/ul>\n\t\t<\/div>\t\t\t\t<\/div>\n\t\t\t\t<\/div>\n\t\t\t\t\t<\/div>\n\t\t<\/div>\n\t\t\t\t\t<\/div>\n\t\t<\/section>\n\t\t\t\t<\/div>","protected":false},"excerpt":{"rendered":"<p>Voc\u00ea j\u00e1 pensou na rela\u00e7\u00e3o entre os povos ind\u00edgenas e a preserva\u00e7\u00e3o da natureza?&nbsp; Ol\u00e1 amigos da floresta, tudo bem? Nesse m\u00eas, gostar\u00edamos de propor uma reflex\u00e3o sobre como os povos ind\u00edgenas t\u00eam um papel essencial na preserva\u00e7\u00e3o da natureza. Para isso seguem alguns dados bem interessantes sobre o tema: Nos \u00faltimos anos, a floresta&hellip;&nbsp;<a href=\"https:\/\/amdaf.org\/en\/queremos-saber\/\" class=\"\" rel=\"bookmark\">Read More &raquo;<span class=\"screen-reader-text\">Queremos saber<\/span><\/a><\/p>","protected":false},"author":1,"featured_media":856,"comment_status":"open","ping_status":"open","sticky":false,"template":"","format":"standard","meta":{"neve_meta_sidebar":"","neve_meta_container":"","neve_meta_enable_content_width":"","neve_meta_content_width":0,"neve_meta_title_alignment":"","neve_meta_author_avatar":"","neve_post_elements_order":"","neve_meta_disable_header":"","neve_meta_disable_footer":"","neve_meta_disable_title":"","footnotes":""},"categories":[1],"tags":[],"class_list":["post-1447","post","type-post","status-publish","format-standard","has-post-thumbnail","hentry","category-sem-categoria"],"_links":{"self":[{"href":"https:\/\/amdaf.org\/en\/wp-json\/wp\/v2\/posts\/1447","targetHints":{"allow":["GET"]}}],"collection":[{"href":"https:\/\/amdaf.org\/en\/wp-json\/wp\/v2\/posts"}],"about":[{"href":"https:\/\/amdaf.org\/en\/wp-json\/wp\/v2\/types\/post"}],"author":[{"embeddable":true,"href":"https:\/\/amdaf.org\/en\/wp-json\/wp\/v2\/users\/1"}],"replies":[{"embeddable":true,"href":"https:\/\/amdaf.org\/en\/wp-json\/wp\/v2\/comments?post=1447"}],"version-history":[{"count":4,"href":"https:\/\/amdaf.org\/en\/wp-json\/wp\/v2\/posts\/1447\/revisions"}],"predecessor-version":[{"id":1469,"href":"https:\/\/amdaf.org\/en\/wp-json\/wp\/v2\/posts\/1447\/revisions\/1469"}],"wp:featuredmedia":[{"embeddable":true,"href":"https:\/\/amdaf.org\/en\/wp-json\/wp\/v2\/media\/856"}],"wp:attachment":[{"href":"https:\/\/amdaf.org\/en\/wp-json\/wp\/v2\/media?parent=1447"}],"wp:term":[{"taxonomy":"category","embeddable":true,"href":"https:\/\/amdaf.org\/en\/wp-json\/wp\/v2\/categories?post=1447"},{"taxonomy":"post_tag","embeddable":true,"href":"https:\/\/amdaf.org\/en\/wp-json\/wp\/v2\/tags?post=1447"}],"curies":[{"name":"wp","href":"https:\/\/api.w.org\/{rel}","templated":true}]}}