{"id":1449,"date":"2022-04-05T15:12:22","date_gmt":"2022-04-05T18:12:22","guid":{"rendered":"https:\/\/amdaf.org\/?p=1449"},"modified":"2022-04-07T16:31:59","modified_gmt":"2022-04-07T19:31:59","slug":"queremos-agradeces","status":"publish","type":"post","link":"https:\/\/amdaf.org\/en\/queremos-agradeces\/","title":{"rendered":"Sa\u00fade Ocular"},"content":{"rendered":"<div data-elementor-type=\"wp-post\" data-elementor-id=\"1449\" class=\"elementor elementor-1449\">\n\t\t\t\t\t\t<section class=\"elementor-section elementor-top-section elementor-element elementor-element-44d40d7b elementor-section-boxed elementor-section-height-default elementor-section-height-default\" data-id=\"44d40d7b\" data-element_type=\"section\">\n\t\t\t\t\t\t<div class=\"elementor-container elementor-column-gap-default\">\n\t\t\t\t\t<div class=\"elementor-column elementor-col-100 elementor-top-column elementor-element elementor-element-140e61a5\" data-id=\"140e61a5\" data-element_type=\"column\">\n\t\t\t<div class=\"elementor-widget-wrap elementor-element-populated\">\n\t\t\t\t\t\t<div class=\"elementor-element elementor-element-1a89361e elementor-widget elementor-widget-text-editor\" data-id=\"1a89361e\" data-element_type=\"widget\" data-widget_type=\"text-editor.default\">\n\t\t\t\t<div class=\"elementor-widget-container\">\n\t\t\t\t\t\t\t\t\t\n<p>A sa\u00fade ocular \u00e9 extremamente importante. Infelizmente, o n\u00famero de pessoas com defici\u00eancias visuais cresce a cada ano. Estima-se que em todo o mundo, 39 milh\u00f5es de pessoas s\u00e3o cegas e 246 milh\u00f5es sofreram perdas moderadas ou severas de suas vis\u00f5es.&nbsp;<\/p>\n\n\n\n<p>Dessa forma, precisamos pensar sobre o que pode acarretar na cegueira de fato, pois se \u00e9 evit\u00e1vel, podemos trabalhar para diminuir tais \u00edndices.<\/p>\n\n\n\n<p>\u00c9 importante saber que a cegueira \u00e9 evit\u00e1vel em muitos casos, quando h\u00e1 um tratamento precoce e adequado. Algumas doen\u00e7as que levam a esse quadro s\u00e3o: catarata, glaucoma, tracoma, degenera\u00e7\u00e3o relacionada \u00e0 idade e defici\u00eancia de vitamina A.<\/p>\n\n\n\n<p>O atendimento que os M\u00e9dicos da Floresta realiza, abrange algumas dessas doen\u00e7as como a catarata e o tracoma, e \u00e9 atrav\u00e9s de tecnologia e um trabalho especializado, que conseguimos impedir um est\u00e1gio de cegueira em muitos dos casos.&nbsp;<\/p>\n\n\n\n<p>A catarata \u00e9 bem comum nos dias de hoje a partir do envelhecimento em contato com les\u00f5es e inflama\u00e7\u00f5es nos olhos ou outros fatores de risco, como tabagismo e diabetes. Dessa forma, n\u00e3o h\u00e1 uma vis\u00e3o clara e quando h\u00e1 uma piora do quadro, pode acarretar na cegueira.&nbsp;<\/p>\n\n\n\n<p>J\u00e1 o tracoma \u00e9 proveniente de uma bact\u00e9ria e prevalece em ambientes onde n\u00e3o h\u00e1 uma higiene t\u00e3o adequada, infectando majoritariamente crian\u00e7as e transmitindo de forma r\u00e1pida por meio de contatos.<\/p>\n\n\n\n<p>&nbsp;Ambas as doen\u00e7as carecem de um diagn\u00f3stico \u00e1gil e um tratamento que impe\u00e7a maiores consequ\u00eancias. Em parceria com a IAPB, temos o compromisso de impactar 300 mil ind\u00edgenas na preven\u00e7\u00e3o da cegueira at\u00e9 2030. E estamos trabalhando para chegar l\u00e1!.<\/p>\n\n\n\n<p>Entretanto, nosso trabalho foi interrompido em 2020 por uma pandemia que afeta o mundo inteiro. Os povos das florestas tamb\u00e9m sentiram os impactos, com milhares de mortos e muitos infectados pelo v\u00edrus. Mesmo em 2021, com o desenvolvimento de uma vacina, os riscos eram grandes e n\u00e3o arriscamos piorar a situa\u00e7\u00e3o, colocando em perigo tanto as comunidades tradicionais quanto os volunt\u00e1rios.<\/p>\n\n\n\n<p>Nesse per\u00edodo, continuamos nosso trabalho, aprimorando e planejando para quando fosse poss\u00edvel retornar presencialmente. Tamb\u00e9m promovemos a\u00e7\u00f5es onde doamos EPIs e m\u00e1scaras de prote\u00e7\u00e3o que auxiliem hospitais nas regi\u00f5es onde atuamos. Pois, apesar de as defici\u00eancias visuais n\u00e3o acabarem, foi assim que conseguimos ajudar de alguma forma.&nbsp;<\/p>\n\n\n\n<p>O problema realmente continua e finalmente, em novembro de 2021, quase 2 anos ap\u00f3s nossa \u00faltima expedi\u00e7\u00e3o, realizaremos a\u00e7\u00f5es novamente! Dessa vez, ser\u00e3o 2 expedi\u00e7\u00f5es em novembro no sul da Bahia e 2 em dezembro no famoso Parque do Xingu.&nbsp;<\/p>\n\n\n\n<p>\u00c9 com muita alegria que anunciamos esse retorno, pois temos consci\u00eancia de que h\u00e1 muitos povos precisando de um atendimento especializado que proporciona cirurgias para voltar a enxergar diante da catarata ou que precisam de \u00f3culos para produzir suas atividades regulares.<\/p>\n\n\n\n<p>Dessa forma, iremos para o sul da Bahia, onde as comunidades da regi\u00e3o de Pau Brasil e Barra Velha, receber\u00e3o nossos volunt\u00e1rios com o prop\u00f3sito de devolver o brilho nos olhos e o sorriso no rosto das popula\u00e7\u00f5es locais, por meio de doa\u00e7\u00f5es de \u00f3culos, consultas e cirurgias, mantendo os protocolos sanit\u00e1rios, oferecendo ent\u00e3o seguran\u00e7a para ambos os lados.<\/p>\n\n\n\n<p>Muitas pessoas acreditam que os ind\u00edgenas est\u00e3o concentrados apenas na regi\u00e3o amaz\u00f4nica. Contudo, eles est\u00e3o presentes em todo o Brasil, cada povo com suas particularidades e ritos. Em breve, contaremos mais de alguns povos que entramos em contato para voc\u00eas.<\/p>\n\t\t\t\t\t\t\t\t<\/div>\n\t\t\t\t<\/div>\n\t\t\t\t\t<\/div>\n\t\t<\/div>\n\t\t\t\t\t<\/div>\n\t\t<\/section>\n\t\t\t\t<section class=\"elementor-section elementor-top-section elementor-element elementor-element-93125ad elementor-section-boxed elementor-section-height-default elementor-section-height-default\" data-id=\"93125ad\" data-element_type=\"section\">\n\t\t\t\t\t\t<div class=\"elementor-container elementor-column-gap-default\">\n\t\t\t\t\t<div class=\"elementor-column elementor-col-100 elementor-top-column elementor-element elementor-element-e32c223\" data-id=\"e32c223\" data-element_type=\"column\">\n\t\t\t<div class=\"elementor-widget-wrap elementor-element-populated\">\n\t\t\t\t\t\t<div class=\"elementor-element elementor-element-d53f5c9 elementor-widget elementor-widget-elementskit-social-media\" data-id=\"d53f5c9\" data-element_type=\"widget\" data-widget_type=\"elementskit-social-media.default\">\n\t\t\t\t<div class=\"elementor-widget-container\">\n\t\t\t\t\t<div class=\"ekit-wid-con\" >\t\t\t <ul class=\"ekit_social_media\">\n\t\t\t\t\t\t\t\t\t\t\t\t\t\t<li class=\"elementor-repeater-item-dac053e\">\n\t\t\t\t\t    <a\n\t\t\t\t\t\thref=\"https:\/\/www.facebook.com\/associacaomedicosdafloresta\" aria-label=\"Facebook\" class=\"1\" >\n\t\t\t\t\t\t\t\n\t\t\t\t\t\t\t<i aria-hidden=\"true\" class=\"icon icon-facebook-1\"><\/i>\n                                                                                                            <\/a>\n                    <\/li>\n                    \t\t\t\t\t\t\t\t\t\t\t\t\t\t<li class=\"elementor-repeater-item-ad00d2d\">\n\t\t\t\t\t    <a\n\t\t\t\t\t\thref=\"https:\/\/twitter.com\/MedFloresta\" aria-label=\"Twitter\" class=\"1\" >\n\t\t\t\t\t\t\t\n\t\t\t\t\t\t\t<i aria-hidden=\"true\" class=\"icon icon-twitter-1\"><\/i>\n                                                                                                            <\/a>\n                    <\/li>\n                    \t\t\t\t\t\t\t\t\t\t\t\t\t\t<li class=\"elementor-repeater-item-135754c\">\n\t\t\t\t\t    <a\n\t\t\t\t\t\thref=\"https:\/\/www.instagram.com\/medicosdafloresta\" aria-label=\"Instagram\" class=\"1\" >\n\t\t\t\t\t\t\t\n\t\t\t\t\t\t\t<i aria-hidden=\"true\" class=\"icon icon-instagram-1\"><\/i>\n                                                                                                            <\/a>\n                    <\/li>\n                    \t\t\t\t\t\t\t<\/ul>\n\t\t<\/div>\t\t\t\t<\/div>\n\t\t\t\t<\/div>\n\t\t\t\t\t<\/div>\n\t\t<\/div>\n\t\t\t\t\t<\/div>\n\t\t<\/section>\n\t\t\t\t<\/div>","protected":false},"excerpt":{"rendered":"<p>A sa\u00fade ocular \u00e9 extremamente importante. Infelizmente, o n\u00famero de pessoas com defici\u00eancias visuais cresce a cada ano. Estima-se que em todo o mundo, 39 milh\u00f5es de pessoas s\u00e3o cegas e 246 milh\u00f5es sofreram perdas moderadas ou severas de suas vis\u00f5es.&nbsp; Dessa forma, precisamos pensar sobre o que pode acarretar na cegueira de fato, pois&hellip;&nbsp;<a href=\"https:\/\/amdaf.org\/en\/queremos-agradeces\/\" class=\"\" rel=\"bookmark\">Read More &raquo;<span class=\"screen-reader-text\">Sa\u00fade Ocular<\/span><\/a><\/p>","protected":false},"author":1,"featured_media":1256,"comment_status":"open","ping_status":"open","sticky":false,"template":"","format":"standard","meta":{"neve_meta_sidebar":"","neve_meta_container":"","neve_meta_enable_content_width":"","neve_meta_content_width":0,"neve_meta_title_alignment":"","neve_meta_author_avatar":"","neve_post_elements_order":"","neve_meta_disable_header":"","neve_meta_disable_footer":"","neve_meta_disable_title":"","footnotes":""},"categories":[1],"tags":[],"class_list":["post-1449","post","type-post","status-publish","format-standard","has-post-thumbnail","hentry","category-sem-categoria"],"_links":{"self":[{"href":"https:\/\/amdaf.org\/en\/wp-json\/wp\/v2\/posts\/1449","targetHints":{"allow":["GET"]}}],"collection":[{"href":"https:\/\/amdaf.org\/en\/wp-json\/wp\/v2\/posts"}],"about":[{"href":"https:\/\/amdaf.org\/en\/wp-json\/wp\/v2\/types\/post"}],"author":[{"embeddable":true,"href":"https:\/\/amdaf.org\/en\/wp-json\/wp\/v2\/users\/1"}],"replies":[{"embeddable":true,"href":"https:\/\/amdaf.org\/en\/wp-json\/wp\/v2\/comments?post=1449"}],"version-history":[{"count":5,"href":"https:\/\/amdaf.org\/en\/wp-json\/wp\/v2\/posts\/1449\/revisions"}],"predecessor-version":[{"id":1466,"href":"https:\/\/amdaf.org\/en\/wp-json\/wp\/v2\/posts\/1449\/revisions\/1466"}],"wp:featuredmedia":[{"embeddable":true,"href":"https:\/\/amdaf.org\/en\/wp-json\/wp\/v2\/media\/1256"}],"wp:attachment":[{"href":"https:\/\/amdaf.org\/en\/wp-json\/wp\/v2\/media?parent=1449"}],"wp:term":[{"taxonomy":"category","embeddable":true,"href":"https:\/\/amdaf.org\/en\/wp-json\/wp\/v2\/categories?post=1449"},{"taxonomy":"post_tag","embeddable":true,"href":"https:\/\/amdaf.org\/en\/wp-json\/wp\/v2\/tags?post=1449"}],"curies":[{"name":"wp","href":"https:\/\/api.w.org\/{rel}","templated":true}]}}